{"id":932,"date":"2015-11-30T15:49:32","date_gmt":"2015-11-30T15:49:32","guid":{"rendered":"http:\/\/thecloset.co\/blog\/?p=932"},"modified":"2017-08-23T17:48:30","modified_gmt":"2017-08-23T17:48:30","slug":"diseno-independiente-en-bogota","status":"publish","type":"post","link":"https:\/\/thecloset.co\/blog\/diseno-independiente-en-bogota\/","title":{"rendered":"DISE\u00d1O INDEPENDIENTE EN BOGOT\u00c1"},"content":{"rendered":"<h2>El <a href=\"http:\/\/thecloset.co\/\" target=\"_blank\">dise\u00f1o independiente<\/a>\u00a0c\u00f3mo identidad capitalina<\/h2>\n<p>Hoy queremos hablar sobre el impacto que tienen el <a href=\"http:\/\/thecloset.co\/\" target=\"_blank\">dise\u00f1o independiente<\/a> en Bogot\u00e1 hoy en d\u00eda, la b\u00fasqueda de los j\u00f3venes por autenticar su personalidad en sus <a href=\"http:\/\/thecloset.co\/\" target=\"_blank\">outfits <\/a>ha llevado a los dise\u00f1adores a una creatividad absoluta, permiti\u00e9ndoles crear e inspirarse de acuerdo a conceptos propios.<\/p>\n<p>Es asombroso c\u00f3mo estos artistas nos traen prendas que comienzan a caracterizar a una ciudad, a trav\u00e9s de sus colecciones inspiran a la gente a escoger una alternativa no solo diferente si no responsable.<\/p>\n<p>&nbsp;<\/p>\n<p>El registro hist\u00f3rico nos data una moda inspirada en el exterior, vemos c\u00f3mo tanto para hombres y mujeres era importante importar las tendencias exteriores y traerlas para hacer de ellas una producci\u00f3n nacional ofreci\u00e9ndole a las personas estatus, pero eso ya quedo en la historia, ahora, en la \u00e9poca de las voces con opini\u00f3n, vemos c\u00f3mo llegar a Bogot\u00e1 es no solo una experiencia \u00fanica tur\u00edstica, si no tambi\u00e9n una impuesta de tendencias \u00a1PROPIAS!<\/p>\n<p><!--more Leer m\u00e1s--><\/p>\n<p>Ahora en esta maravillosa ciudad los colores opacos y aburridos quedaron atr\u00e1s, los estampados, los colores que en los d\u00edas de lluvia iluminan las calles, en donde las mujeres y los hombres sin importar razas, tama\u00f1os ni estaturas se identifican con un estilo propio, preocupados por si mismo, am\u00e1ndose por cada espejo por el que pasan, llevan a Bogot\u00e1 hac\u00eda una independencia <a href=\"http:\/\/thecloset.co\/\" target=\"_blank\">fashionista<\/a>.<\/p>\n<p>&nbsp;<\/p>\n<p><a href=\"http:\/\/thecloset.co\/\" target=\"_blank\">TheCloset.co<\/a> y su <a href=\"http:\/\/thecloset.co\/quieres-vender\" target=\"_blank\">#RedDeDise\u00f1adores<\/a> te traen un nuevo mundo por descubrir, la innovaci\u00f3n y el dise\u00f1o independiente son nuestro sello ante el mundo, amamos a nuestros artistas por su emprendimiento y su valor de ser parte del cambio.<\/p>\n<p>Queremos inspirarte y brindarte un lugar en el mundo en donde puedas ser t\u00fa, sin ninguna barrera ni prejuicios.<\/p>\n<p>&nbsp;<\/p>\n<p><a href=\"http:\/\/thecloset.co\/blog\/wp-content\/uploads\/2015\/11\/banner-378x250-ropa-hombre-thecloset.jpg\" target=\"_blank\" data-rel=\"lightbox-image-0\" data-rl_title=\"\" data-rl_caption=\"\" title=\"\"><img loading=\"lazy\" decoding=\"async\" class=\"alignnone size-medium wp-image-939 alignleft\" src=\"http:\/\/thecloset.co\/blog\/wp-content\/uploads\/2015\/11\/banner-378x250-ropa-hombre-thecloset-300x198.jpg\" alt=\"banner-378x250-ropa-hombre-thecloset\" width=\"300\" height=\"198\" srcset=\"https:\/\/thecloset.co\/blog\/wp-content\/uploads\/2015\/11\/banner-378x250-ropa-hombre-thecloset-300x198.jpg 300w, https:\/\/thecloset.co\/blog\/wp-content\/uploads\/2015\/11\/banner-378x250-ropa-hombre-thecloset.jpg 378w\" sizes=\"(max-width: 300px) 100vw, 300px\" \/><\/a><a href=\"http:\/\/thecloset.co\/blog\/wp-content\/uploads\/2015\/11\/banner-378x250-ropa-mujer-thecloset.jpg\" target=\"_blank\" data-rel=\"lightbox-image-1\" data-rl_title=\"\" data-rl_caption=\"\" title=\"\"><img loading=\"lazy\" decoding=\"async\" class=\"alignnone size-medium wp-image-940 aligncenter\" src=\"http:\/\/thecloset.co\/blog\/wp-content\/uploads\/2015\/11\/banner-378x250-ropa-mujer-thecloset-300x198.jpg\" alt=\"banner-378x250-ropa-mujer-thecloset\" width=\"300\" height=\"198\" srcset=\"https:\/\/thecloset.co\/blog\/wp-content\/uploads\/2015\/11\/banner-378x250-ropa-mujer-thecloset-300x198.jpg 300w, https:\/\/thecloset.co\/blog\/wp-content\/uploads\/2015\/11\/banner-378x250-ropa-mujer-thecloset.jpg 378w\" sizes=\"(max-width: 300px) 100vw, 300px\" \/><\/a><\/p>\n<h3><a href=\"http:\/\/thecloset.co\/\" target=\"_blank\">Encuentra en nuestra tienda virtual de dise\u00f1o independiente un mundo hecho a tu medida.<\/a><\/h3>\n<p>Visita nuestra boutique\u00a0<a href=\"http:\/\/thecloset.co\/\">TheCloset.Co<\/a>\u00a0 Calle 80 # 13 &#8211; 09 en Bogot\u00e1-Colombia (detr\u00e1s del CC Atlantis Plaza) #Dise\u00f1oIndependiente #HechoEnColombia #MadeInColombia #CompraColombiano<\/p>\n<p><strong>\u00danete a nuestra red!<\/strong><\/p>\n<p>Si estas interesado en hacer parte de la #RedDeDise\u00f1adores escr\u00edbenos al correo\u00a0<a href=\"mailto:contacto@thecloset.co\">contacto@thecloset.co<\/a>\u00a0con informaci\u00f3n de tu marca y fotos de los productos.<\/p>\n<p>S\u00edguenos en nuestras redes:\u00a0<a href=\"https:\/\/www.facebook.com\/thecloset.co.diseno\/?fref=ts\">Facebook<\/a>,\u00a0<a href=\"https:\/\/www.instagram.com\/theclosetco\/\">Instagram<\/a><\/p>\n<p>&nbsp;<\/p>\n<p>&nbsp;<\/p>\n","protected":false},"excerpt":{"rendered":"<p>El dise\u00f1o independiente\u00a0c\u00f3mo identidad capitalina Hoy queremos hablar sobre el impacto que tienen el dise\u00f1o independiente en Bogot\u00e1 hoy en d\u00eda, la b\u00fasqueda de los j\u00f3venes por autenticar su personalidad en sus outfits ha llevado a los dise\u00f1adores a una creatividad absoluta, permiti\u00e9ndoles crear e inspirarse de acuerdo a conceptos propios. Es asombroso c\u00f3mo estos&#8230;<\/p>\n","protected":false},"author":3,"featured_media":933,"comment_status":"open","ping_status":"open","sticky":false,"template":"","format":"standard","meta":{"footnotes":""},"categories":[6],"tags":[],"_links":{"self":[{"href":"https:\/\/thecloset.co\/blog\/wp-json\/wp\/v2\/posts\/932"}],"collection":[{"href":"https:\/\/thecloset.co\/blog\/wp-json\/wp\/v2\/posts"}],"about":[{"href":"https:\/\/thecloset.co\/blog\/wp-json\/wp\/v2\/types\/post"}],"author":[{"embeddable":true,"href":"https:\/\/thecloset.co\/blog\/wp-json\/wp\/v2\/users\/3"}],"replies":[{"embeddable":true,"href":"https:\/\/thecloset.co\/blog\/wp-json\/wp\/v2\/comments?post=932"}],"version-history":[{"count":6,"href":"https:\/\/thecloset.co\/blog\/wp-json\/wp\/v2\/posts\/932\/revisions"}],"predecessor-version":[{"id":2007,"href":"https:\/\/thecloset.co\/blog\/wp-json\/wp\/v2\/posts\/932\/revisions\/2007"}],"wp:featuredmedia":[{"embeddable":true,"href":"https:\/\/thecloset.co\/blog\/wp-json\/wp\/v2\/media\/933"}],"wp:attachment":[{"href":"https:\/\/thecloset.co\/blog\/wp-json\/wp\/v2\/media?parent=932"}],"wp:term":[{"taxonomy":"category","embeddable":true,"href":"https:\/\/thecloset.co\/blog\/wp-json\/wp\/v2\/categories?post=932"},{"taxonomy":"post_tag","embeddable":true,"href":"https:\/\/thecloset.co\/blog\/wp-json\/wp\/v2\/tags?post=932"}],"curies":[{"name":"wp","href":"https:\/\/api.w.org\/{rel}","templated":true}]}}