{"id":944,"date":"2015-11-30T16:43:20","date_gmt":"2015-11-30T16:43:20","guid":{"rendered":"http:\/\/thecloset.co\/blog\/?p=944"},"modified":"2017-08-23T17:47:23","modified_gmt":"2017-08-23T17:47:23","slug":"que-es-la-red-de-disenadores","status":"publish","type":"post","link":"https:\/\/thecloset.co\/blog\/que-es-la-red-de-disenadores\/","title":{"rendered":"\u00bfQU\u00c9 ES LA RED DE DISE\u00d1ADORES?"},"content":{"rendered":"<h2>Somos un colectivo de dise\u00f1adores que entrego su talento y vida al mundo del dise\u00f1o independiente.<\/h2>\n<p><a href=\"http:\/\/thecloset.co\/\" target=\"_blank\">TheCloset.co<\/a> y su <a href=\"http:\/\/thecloset.co\/quieres-vender\" target=\"_blank\">#RedDeDise\u00f1adores<\/a> es una comunidad que genera cambio y se diferencia en el mundo por su autenticidad e innovaci\u00f3n, con su trabajo te ofrecen prendas \u00fanicas, que resaltan lo que te hace especial.<\/p>\n<p>&nbsp;<\/p>\n<h3>\u00bfPor qu\u00e9 se llama <a href=\"http:\/\/thecloset.co\/quieres-vender\" target=\"_blank\">#RedDeDise\u00f1adores<\/a>?<\/h3>\n<p>Porque somos un conjunto de emprendedores y so\u00f1adores que <a href=\"http:\/\/thecloset.co\/\" target=\"_blank\">TheCloset.co<\/a> permiti\u00f3 reunir en un mismo lugar, en donde los sue\u00f1os se hacen realidad y las metas son posibles de alcanzar.<\/p>\n<p><!--more Leer m\u00e1s--><\/p>\n<p>Apoyar el talento nacional y permitirnos tener en nuestro cl\u00f3set productos \u00fanicos en calidad y concepci\u00f3n es posible, Visita nuestra tienda\u00a0virtual <a href=\"http:\/\/www.thecloset.co\">www.thecloset.co<\/a> y descubre un mundo diferente.<\/p>\n<p>&nbsp;<\/p>\n<p><a href=\"http:\/\/thecloset.co\/blog\/wp-content\/uploads\/2015\/11\/theclosetco-facebook.jpg\" target=\"_blank\" data-rel=\"lightbox-image-0\" data-rl_title=\"\" data-rl_caption=\"\" title=\"\"><img loading=\"lazy\" decoding=\"async\" class=\" wp-image-945 aligncenter\" src=\"http:\/\/thecloset.co\/blog\/wp-content\/uploads\/2015\/11\/theclosetco-facebook-300x163.jpg\" alt=\"theclosetco-facebook\" width=\"377\" height=\"205\" srcset=\"https:\/\/thecloset.co\/blog\/wp-content\/uploads\/2015\/11\/theclosetco-facebook-300x163.jpg 300w, https:\/\/thecloset.co\/blog\/wp-content\/uploads\/2015\/11\/theclosetco-facebook-600x327.jpg 600w, https:\/\/thecloset.co\/blog\/wp-content\/uploads\/2015\/11\/theclosetco-facebook.jpg 808w\" sizes=\"(max-width: 377px) 100vw, 377px\" \/><\/a><\/p>\n<p>&nbsp;<\/p>\n<p>Conoce las marcas que ya hacen parte de la #RedDeDise\u00f1adores, <a href=\"http:\/\/thecloset.co\/banausic\" target=\"_blank\">Banausic<\/a>, <a href=\"http:\/\/thecloset.co\/bareke\" target=\"_blank\">Bareke<\/a>, <a href=\"http:\/\/thecloset.co\/carlos-guerra-1990\" target=\"_blank\">Carlos Guerra<\/a>, <a href=\"http:\/\/thecloset.co\/carry-on\" target=\"_blank\">Carry on<\/a>, <a href=\"http:\/\/thecloset.co\/disonti-zapatos-en-cuero\" target=\"_blank\">Disonti<\/a>,<a href=\"http:\/\/thecloset.co\/dise%C3%B1o\" target=\"_blank\"> Dispar<\/a>, <a href=\"http:\/\/thecloset.co\/dude-poncio\" target=\"_blank\">Dude Poncio<\/a>, <a href=\"http:\/\/thecloset.co\/enfok2\" target=\"_blank\">Enfok2<\/a>, <a href=\"http:\/\/thecloset.co\/Julian\" target=\"_blank\">Julian<\/a>, <a href=\"http:\/\/thecloset.co\/Kmaleon-accesorios-hogar-oficina-en-acrilico\" target=\"_blank\">Kmale\u00f3n<\/a>, <a href=\"http:\/\/thecloset.co\/la-santeria\" target=\"_blank\">La santer\u00eda<\/a>, <a href=\"http:\/\/thecloset.co\/lugo-diseno\" target=\"_blank\">Lugo<\/a>, <a href=\"http:\/\/thecloset.co\/moriah-handbags\" target=\"_blank\">Moriah,<\/a> <a href=\"http:\/\/thecloset.co\/Maromero-accesorios-aretes-anillos\" target=\"_blank\">Maromero accesorios<\/a>, <a href=\"http:\/\/thecloset.co\/Maximma-bolsos-en-cuero\" target=\"_blank\">Maximma<\/a>, <a href=\"http:\/\/thecloset.co\/Manuela-Millan\" target=\"_blank\">Manuela Mill\u00e1n<\/a>, <a href=\"http:\/\/thecloset.co\/om_joyas_filigrana_plata_oro\" target=\"_blank\">Oscar Melo<\/a>, <a href=\"http:\/\/thecloset.co\/pajaro-de-fuego\" target=\"_blank\">P\u00e1jaro de fuego,<\/a> <a href=\"http:\/\/thecloset.co\/pt-design-collares-en-lana-fieltro-crochet\" target=\"_blank\">Pt Design<\/a>, <a href=\"http:\/\/thecloset.co\/Primavara-objetos-con-dise%C3%B1o\" target=\"_blank\">Primavara<\/a>, <a href=\"http:\/\/thecloset.co\/cuadros-estilo-pop-art-marca-pop-art\" target=\"_blank\">Pop Art<\/a>, <a href=\"http:\/\/thecloset.co\/Paola-alonso-sequin-art-cojines-lentejuelas\" target=\"_blank\">Paola Alonso<\/a>, <a href=\"http:\/\/thecloset.co\/rolo-ok-camisetas\" target=\"_blank\">Rolo-ok<\/a>, <a href=\"http:\/\/thecloset.co\/Rone-Malagasha-\" target=\"_blank\">Rone Malagasha<\/a>,<a href=\"http:\/\/thecloset.co\/rotten-muztard\" target=\"_blank\"> Rotten Muztard<\/a>, <a href=\"http:\/\/thecloset.co\/soloci\" target=\"_blank\">Soloci<\/a>, <a href=\"http:\/\/thecloset.co\/the-eleven-company-ropa-y-zapatos-independientes\" target=\"_blank\">The Eleven Company,<\/a> <a href=\"http:\/\/thecloset.co\/tianna-accesorios\" target=\"_blank\">Tianna<\/a>, <a href=\"http:\/\/thecloset.co\/The-kamper,%20ilustrador-digital,%20god,%20bee-free,%20merry-xmass,%20ilustrador-bogot%C3%A1\" target=\"_blank\">The Kamper<\/a>, <a href=\"http:\/\/thecloset.co\/vetas\" target=\"_blank\">Vetas<\/a>.<\/p>\n<p>&nbsp;<\/p>\n<p>Visita nuestra boutique\u00a0<a href=\"http:\/\/thecloset.co\/\">TheCloset.Co<\/a>\u00a0 Calle 80 # 13 &#8211; 09 en Bogot\u00e1-Colombia (detr\u00e1s del CC Atlantis Plaza) #Dise\u00f1oIndependiente #HechoEnColombia #MadeInColombia #CompraColombiano<\/p>\n<p><strong>\u00danete a nuestra red!<\/strong><\/p>\n<p>Si estas interesado en hacer parte de la #RedDeDise\u00f1adores escr\u00edbenos al correo\u00a0<a href=\"mailto:contacto@thecloset.co\">contacto@thecloset.co<\/a>\u00a0con informaci\u00f3n de tu marca y fotos de los productos.<\/p>\n<p>S\u00edguenos en nuestras redes:\u00a0<a href=\"https:\/\/www.facebook.com\/thecloset.co.diseno\/?fref=ts\">Facebook<\/a>,\u00a0<a href=\"https:\/\/www.instagram.com\/theclosetco\/\">Instagram<\/a><\/p>\n<p>&nbsp;<\/p>\n<p>&nbsp;<\/p>\n<p>&nbsp;<\/p>\n<p>&nbsp;<\/p>\n<p>&nbsp;<\/p>\n","protected":false},"excerpt":{"rendered":"<p>Somos un colectivo de dise\u00f1adores que entrego su talento y vida al mundo del dise\u00f1o independiente. TheCloset.co y su #RedDeDise\u00f1adores es una comunidad que genera cambio y se diferencia en el mundo por su autenticidad e innovaci\u00f3n, con su trabajo te ofrecen prendas \u00fanicas, que resaltan lo que te hace especial. &nbsp; \u00bfPor qu\u00e9 se&#8230;<\/p>\n","protected":false},"author":3,"featured_media":947,"comment_status":"open","ping_status":"open","sticky":false,"template":"","format":"standard","meta":{"footnotes":""},"categories":[1],"tags":[],"_links":{"self":[{"href":"https:\/\/thecloset.co\/blog\/wp-json\/wp\/v2\/posts\/944"}],"collection":[{"href":"https:\/\/thecloset.co\/blog\/wp-json\/wp\/v2\/posts"}],"about":[{"href":"https:\/\/thecloset.co\/blog\/wp-json\/wp\/v2\/types\/post"}],"author":[{"embeddable":true,"href":"https:\/\/thecloset.co\/blog\/wp-json\/wp\/v2\/users\/3"}],"replies":[{"embeddable":true,"href":"https:\/\/thecloset.co\/blog\/wp-json\/wp\/v2\/comments?post=944"}],"version-history":[{"count":6,"href":"https:\/\/thecloset.co\/blog\/wp-json\/wp\/v2\/posts\/944\/revisions"}],"predecessor-version":[{"id":2006,"href":"https:\/\/thecloset.co\/blog\/wp-json\/wp\/v2\/posts\/944\/revisions\/2006"}],"wp:featuredmedia":[{"embeddable":true,"href":"https:\/\/thecloset.co\/blog\/wp-json\/wp\/v2\/media\/947"}],"wp:attachment":[{"href":"https:\/\/thecloset.co\/blog\/wp-json\/wp\/v2\/media?parent=944"}],"wp:term":[{"taxonomy":"category","embeddable":true,"href":"https:\/\/thecloset.co\/blog\/wp-json\/wp\/v2\/categories?post=944"},{"taxonomy":"post_tag","embeddable":true,"href":"https:\/\/thecloset.co\/blog\/wp-json\/wp\/v2\/tags?post=944"}],"curies":[{"name":"wp","href":"https:\/\/api.w.org\/{rel}","templated":true}]}}