{"id":958,"date":"2015-12-01T17:23:02","date_gmt":"2015-12-01T17:23:02","guid":{"rendered":"http:\/\/thecloset.co\/blog\/?p=958"},"modified":"2017-08-23T17:35:10","modified_gmt":"2017-08-23T17:35:10","slug":"tendencias-para-2016","status":"publish","type":"post","link":"https:\/\/thecloset.co\/blog\/tendencias-para-2016\/","title":{"rendered":"TENDENCIAS PARA 2016"},"content":{"rendered":"<h2>Tiempo de temporadas y tendencias nuevas<\/h2>\n<p>Vienen nuevos tiempos de temporadas nuevas y tendencias que se mantienen dentro del mundo de la moda, aqu\u00ed te traemos cuales son, para que reciban el 2016 m\u00e1s actualizados que nunca.<\/p>\n<p><!--more Leer m\u00e1s--><\/p>\n<p>Repasando las pasarelas y las prendas que dieron que hablar durante el 2015, una de las tendencias que seguir\u00e1 pisando fuerte en el 2016 son los Croptops, que poco a poco hemos ido adoptando a nuestros outfits, liber\u00e1ndonos de complejos y dejando relucir nuestras curvas.<\/p>\n<p>No dejes pasar la oportunidad de encontrar el perfecto para ti, <a href=\"http:\/\/thecloset.co\/rotten-muztard\/crop-top\" target=\"_blank\">Rotten Muztard<\/a>, te ofrece variedad en colores y texturas.<\/p>\n<p><a href=\"http:\/\/thecloset.co\/blog\/wp-content\/uploads\/2015\/12\/036rottenmuztardcroptoprosasthecloset-491x491.jpg\" target=\"_blank\" data-rel=\"lightbox-image-0\" data-rl_title=\"\" data-rl_caption=\"\" title=\"\"><img loading=\"lazy\" decoding=\"async\" class=\"alignnone size-medium wp-image-959\" src=\"http:\/\/thecloset.co\/blog\/wp-content\/uploads\/2015\/12\/036rottenmuztardcroptoprosasthecloset-491x491-300x300.jpg\" alt=\"036rottenmuztardcroptoprosasthecloset-491x491\" width=\"300\" height=\"300\" srcset=\"https:\/\/thecloset.co\/blog\/wp-content\/uploads\/2015\/12\/036rottenmuztardcroptoprosasthecloset-491x491-300x300.jpg 300w, https:\/\/thecloset.co\/blog\/wp-content\/uploads\/2015\/12\/036rottenmuztardcroptoprosasthecloset-491x491-100x100.jpg 100w, https:\/\/thecloset.co\/blog\/wp-content\/uploads\/2015\/12\/036rottenmuztardcroptoprosasthecloset-491x491-150x150.jpg 150w, https:\/\/thecloset.co\/blog\/wp-content\/uploads\/2015\/12\/036rottenmuztardcroptoprosasthecloset-491x491.jpg 491w\" sizes=\"(max-width: 300px) 100vw, 300px\" \/><\/a><\/p>\n<p>&nbsp;<\/p>\n<p>&nbsp;<\/p>\n<p>Otras tendencias que surgieron en el mes de Octubre, fue utilizar colores naturaleza, tonos suaves que recuerden atardeceres serenos, cielos despejados, que nos lleven a un estado tranquilo. Esta tendencia se mantuvo y logr\u00f3 postergarse para la temporada primavera del a\u00f1o 2016.<\/p>\n<p>&nbsp;<\/p>\n<p>Prendas como capas de <a href=\"http:\/\/thecloset.co\/soloci\/capa-celeste\" target=\"_blank\">Soloci<\/a> te mantendr\u00e1n en tono para la temporada, su color azul celeste sin duda ser\u00e1 una tendencia en tu cl\u00f3set.<\/p>\n<p><a href=\"http:\/\/thecloset.co\/blog\/wp-content\/uploads\/2015\/12\/001solocicapaazul2-491x491.jpg\" target=\"_blank\" data-rel=\"lightbox-image-1\" data-rl_title=\"\" data-rl_caption=\"\" title=\"\"><img loading=\"lazy\" decoding=\"async\" class=\"alignnone size-medium wp-image-961\" src=\"http:\/\/thecloset.co\/blog\/wp-content\/uploads\/2015\/12\/001solocicapaazul2-491x491-300x300.jpg\" alt=\"001solocicapaazul2-491x491\" width=\"300\" height=\"300\" srcset=\"https:\/\/thecloset.co\/blog\/wp-content\/uploads\/2015\/12\/001solocicapaazul2-491x491-300x300.jpg 300w, https:\/\/thecloset.co\/blog\/wp-content\/uploads\/2015\/12\/001solocicapaazul2-491x491-100x100.jpg 100w, https:\/\/thecloset.co\/blog\/wp-content\/uploads\/2015\/12\/001solocicapaazul2-491x491-150x150.jpg 150w, https:\/\/thecloset.co\/blog\/wp-content\/uploads\/2015\/12\/001solocicapaazul2-491x491.jpg 491w\" sizes=\"(max-width: 300px) 100vw, 300px\" \/><\/a><\/p>\n<p>&nbsp;<\/p>\n<p>&nbsp;<\/p>\n<p>Y por ultimo, en la moda masculina, encontramos que los outfits casuales en j\u00f3venes marcaron tendencias este 2015, eso no quiere decir que tengamos que perder el estilo, sacos como los de <a href=\"http:\/\/thecloset.co\/carlos-guerra-1990\/saco-hombre-capucha-azul-gris\" target=\"_blank\">Carlos Guerra<\/a>\u00a0est\u00e1n dise\u00f1ados para que te sientas c\u00f3modo sin tener que perder el estilo que te hace \u00fanico.<\/p>\n<p>&nbsp;<\/p>\n<p>&nbsp;<\/p>\n<p><a href=\"http:\/\/thecloset.co\/blog\/wp-content\/uploads\/2015\/12\/037chaquetaazulclarooscurocapotadoblecarlosguerratheclosetco-491x491.jpg\" target=\"_blank\" data-rel=\"lightbox-image-2\" data-rl_title=\"\" data-rl_caption=\"\" title=\"\"><img loading=\"lazy\" decoding=\"async\" class=\"alignnone size-medium wp-image-963\" src=\"http:\/\/thecloset.co\/blog\/wp-content\/uploads\/2015\/12\/037chaquetaazulclarooscurocapotadoblecarlosguerratheclosetco-491x491-300x300.jpg\" alt=\"037chaquetaazulclarooscurocapotadoblecarlosguerratheclosetco-491x491\" width=\"300\" height=\"300\" srcset=\"https:\/\/thecloset.co\/blog\/wp-content\/uploads\/2015\/12\/037chaquetaazulclarooscurocapotadoblecarlosguerratheclosetco-491x491-300x300.jpg 300w, https:\/\/thecloset.co\/blog\/wp-content\/uploads\/2015\/12\/037chaquetaazulclarooscurocapotadoblecarlosguerratheclosetco-491x491-100x100.jpg 100w, https:\/\/thecloset.co\/blog\/wp-content\/uploads\/2015\/12\/037chaquetaazulclarooscurocapotadoblecarlosguerratheclosetco-491x491-150x150.jpg 150w, https:\/\/thecloset.co\/blog\/wp-content\/uploads\/2015\/12\/037chaquetaazulclarooscurocapotadoblecarlosguerratheclosetco-491x491.jpg 491w\" sizes=\"(max-width: 300px) 100vw, 300px\" \/><\/a><\/p>\n<p>&nbsp;<\/p>\n<p>Actualiza tu<a href=\"http:\/\/thecloset.co\/\" target=\"_blank\"> cl\u00f3set<\/a>, tendencias para el 2016 que de seguro te har\u00e1n lucir tan original como siempre.<\/p>\n<p>&nbsp;<\/p>\n<p>Visita nuestra boutique\u00a0<a href=\"http:\/\/thecloset.co\/\">TheCloset.Co<\/a>\u00a0 Calle 80 # 13 &#8211; 09 en Bogot\u00e1-Colombia (detr\u00e1s del CC Atlantis Plaza) #Dise\u00f1oIndependiente #HechoEnColombia #MadeInColombia #CompraColombiano<\/p>\n<p><strong>\u00danete a nuestra red!<\/strong><\/p>\n<p>Si estas interesado en hacer parte de la #RedDeDise\u00f1adores escr\u00edbenos al correo\u00a0<a href=\"mailto:contacto@thecloset.co\">contacto@thecloset.co<\/a>\u00a0con informaci\u00f3n de tu marca y fotos de los productos.<\/p>\n<p>S\u00edguenos en nuestras redes:\u00a0<a href=\"https:\/\/www.facebook.com\/thecloset.co.diseno\/?fref=ts\">Facebook<\/a>,\u00a0<a href=\"https:\/\/www.instagram.com\/theclosetco\/\">Instagram<\/a><\/p>\n","protected":false},"excerpt":{"rendered":"<p>Tiempo de temporadas y tendencias nuevas Vienen nuevos tiempos de temporadas nuevas y tendencias que se mantienen dentro del mundo de la moda, aqu\u00ed te traemos cuales son, para que reciban el 2016 m\u00e1s actualizados que nunca.<\/p>\n","protected":false},"author":3,"featured_media":964,"comment_status":"open","ping_status":"open","sticky":false,"template":"","format":"standard","meta":{"footnotes":""},"categories":[1],"tags":[],"_links":{"self":[{"href":"https:\/\/thecloset.co\/blog\/wp-json\/wp\/v2\/posts\/958"}],"collection":[{"href":"https:\/\/thecloset.co\/blog\/wp-json\/wp\/v2\/posts"}],"about":[{"href":"https:\/\/thecloset.co\/blog\/wp-json\/wp\/v2\/types\/post"}],"author":[{"embeddable":true,"href":"https:\/\/thecloset.co\/blog\/wp-json\/wp\/v2\/users\/3"}],"replies":[{"embeddable":true,"href":"https:\/\/thecloset.co\/blog\/wp-json\/wp\/v2\/comments?post=958"}],"version-history":[{"count":4,"href":"https:\/\/thecloset.co\/blog\/wp-json\/wp\/v2\/posts\/958\/revisions"}],"predecessor-version":[{"id":2004,"href":"https:\/\/thecloset.co\/blog\/wp-json\/wp\/v2\/posts\/958\/revisions\/2004"}],"wp:featuredmedia":[{"embeddable":true,"href":"https:\/\/thecloset.co\/blog\/wp-json\/wp\/v2\/media\/964"}],"wp:attachment":[{"href":"https:\/\/thecloset.co\/blog\/wp-json\/wp\/v2\/media?parent=958"}],"wp:term":[{"taxonomy":"category","embeddable":true,"href":"https:\/\/thecloset.co\/blog\/wp-json\/wp\/v2\/categories?post=958"},{"taxonomy":"post_tag","embeddable":true,"href":"https:\/\/thecloset.co\/blog\/wp-json\/wp\/v2\/tags?post=958"}],"curies":[{"name":"wp","href":"https:\/\/api.w.org\/{rel}","templated":true}]}}