{"id":969,"date":"2015-12-02T17:04:48","date_gmt":"2015-12-02T17:04:48","guid":{"rendered":"http:\/\/thecloset.co\/blog\/?p=969"},"modified":"2017-08-23T17:33:48","modified_gmt":"2017-08-23T17:33:48","slug":"moda-sostenible","status":"publish","type":"post","link":"https:\/\/thecloset.co\/blog\/moda-sostenible\/","title":{"rendered":"MODA SOSTENIBLE"},"content":{"rendered":"<h2>El compromiso de la moda con el medio ambiente<\/h2>\n<p>El cambio clim\u00e1tico, el consumo y la pobreza son factores problem\u00e1ticos que afectan a todo el mundo, por eso, muchas marcas han tomado conciencia del tema y han establecido y creado sus marcas bajo el concepto de moda sostenible.<\/p>\n<p>La moda sostenible, se ha vuelto un compromiso de todos, por eso los dise\u00f1adores han optado por calidad en vez de cantidad, esta conciencia ocupa un lugar crucial en nuestra cultura, ya que al apropiarnos de las problem\u00e1ticas del mundo podemos hacer parte del cambio con productos que lleven a la sociedad un mensaje de compromiso, un producto sostenible.<\/p>\n<p><!--more Leer m\u00e1s--><\/p>\n<h3>\u00bfQu\u00e9 significa la moda sostenible?<\/h3>\n<p>La sostenibilidad de la moda significa un cambio de materiales, la utilizaci\u00f3n de fibras naturales se reemplazan por las artificiales adem\u00e1s de un transformaci\u00f3n en los modos de fabricaci\u00f3n, en donde la producci\u00f3n es a menor escala y con m\u00e1s dedicaci\u00f3n a la prenda.<\/p>\n<p>Este concepto, este cambio, es una relaci\u00f3n estrecha entre los dise\u00f1adores y los consumidores, en la optimizaci\u00f3n y el apoyo, esto conlleva a una significaci\u00f3n profunda de la modernidad que incentiva al dise\u00f1o independiente, con la versatilidad y personalizaci\u00f3n al igual que la participaci\u00f3n individual.<\/p>\n<p><a href=\"http:\/\/thecloset.co\/\" target=\"_blank\">TheCloset.co<\/a> y su <a href=\"http:\/\/thecloset.co\/quieres-vender\" target=\"_blank\">#RedDeDise\u00f1adores<\/a> ya hacen parte del cambio, muchas de nuestras marcas cuentan con materiales que no afectan al medio ambiente, as\u00ed mismo, tambi\u00e9n son activos en las comunidades indigenas y madres cabezas de hogar, brind\u00e1ndoles una oportunidad trabajo para la vida digna de su familia.<\/p>\n<p>&nbsp;<\/p>\n<p>Visita nuestra boutique\u00a0<a href=\"http:\/\/thecloset.co\/\">TheCloset.Co<\/a>\u00a0 Calle 80 # 13 &#8211; 09 en Bogot\u00e1-Colombia (detr\u00e1s del CC Atlantis Plaza) #Dise\u00f1oIndependiente #HechoEnColombia #MadeInColombia #CompraColombiano<\/p>\n<p><strong>\u00danete a nuestra red!<\/strong><\/p>\n<p>Si estas interesado en hacer parte de la #RedDeDise\u00f1adores escr\u00edbenos al correo\u00a0<a href=\"mailto:contacto@thecloset.co\">contacto@thecloset.co<\/a>\u00a0con informaci\u00f3n de tu marca y fotos de los productos.<\/p>\n<p>S\u00edguenos en nuestras redes:\u00a0<a href=\"https:\/\/www.facebook.com\/thecloset.co.diseno\/?fref=ts\">Facebook<\/a>,\u00a0<a href=\"https:\/\/www.instagram.com\/theclosetco\/\">Instagram<\/a><\/p>\n<p>&nbsp;<\/p>\n","protected":false},"excerpt":{"rendered":"<p>El compromiso de la moda con el medio ambiente El cambio clim\u00e1tico, el consumo y la pobreza son factores problem\u00e1ticos que afectan a todo el mundo, por eso, muchas marcas han tomado conciencia del tema y han establecido y creado sus marcas bajo el concepto de moda sostenible. La moda sostenible, se ha vuelto un&#8230;<\/p>\n","protected":false},"author":3,"featured_media":970,"comment_status":"open","ping_status":"open","sticky":false,"template":"","format":"standard","meta":{"footnotes":""},"categories":[1],"tags":[],"_links":{"self":[{"href":"https:\/\/thecloset.co\/blog\/wp-json\/wp\/v2\/posts\/969"}],"collection":[{"href":"https:\/\/thecloset.co\/blog\/wp-json\/wp\/v2\/posts"}],"about":[{"href":"https:\/\/thecloset.co\/blog\/wp-json\/wp\/v2\/types\/post"}],"author":[{"embeddable":true,"href":"https:\/\/thecloset.co\/blog\/wp-json\/wp\/v2\/users\/3"}],"replies":[{"embeddable":true,"href":"https:\/\/thecloset.co\/blog\/wp-json\/wp\/v2\/comments?post=969"}],"version-history":[{"count":7,"href":"https:\/\/thecloset.co\/blog\/wp-json\/wp\/v2\/posts\/969\/revisions"}],"predecessor-version":[{"id":2003,"href":"https:\/\/thecloset.co\/blog\/wp-json\/wp\/v2\/posts\/969\/revisions\/2003"}],"wp:featuredmedia":[{"embeddable":true,"href":"https:\/\/thecloset.co\/blog\/wp-json\/wp\/v2\/media\/970"}],"wp:attachment":[{"href":"https:\/\/thecloset.co\/blog\/wp-json\/wp\/v2\/media?parent=969"}],"wp:term":[{"taxonomy":"category","embeddable":true,"href":"https:\/\/thecloset.co\/blog\/wp-json\/wp\/v2\/categories?post=969"},{"taxonomy":"post_tag","embeddable":true,"href":"https:\/\/thecloset.co\/blog\/wp-json\/wp\/v2\/tags?post=969"}],"curies":[{"name":"wp","href":"https:\/\/api.w.org\/{rel}","templated":true}]}}