{"id":975,"date":"2015-12-02T20:40:27","date_gmt":"2015-12-02T20:40:27","guid":{"rendered":"http:\/\/thecloset.co\/blog\/?p=975"},"modified":"2017-08-23T17:31:39","modified_gmt":"2017-08-23T17:31:39","slug":"como-inspirar-al-mundo","status":"publish","type":"post","link":"https:\/\/thecloset.co\/blog\/como-inspirar-al-mundo\/","title":{"rendered":"\u00bfC\u00d3MO INSPIRAR AL MUNDO?"},"content":{"rendered":"<h2>Antes de ser l\u00edderes seamos humanos<\/h2>\n<p>Todos antes de llegar a ser l\u00edderes, tuvimos que pasar por un aprendizaje bastante amplio para lograr serlo de la mejor manera.<\/p>\n<p>Llegar a inspirar a otros no es nada f\u00e1cil y requiere de mucho compromiso, antes de empezar el camino es necesario auto-analizarse para corregir algunos errores y as\u00ed empezar con todo el potencial que nos caracteriza.<\/p>\n<p>En la vida debemos de disfrutar cada aventura que se avecina en nuestro camino, porque entre m\u00e1s avanzamos, m\u00e1s nos damos cuenta que nuestros l\u00edmites solo los ponemos nosotros; poder inspirar a las personas no se trata de volvernos reconocidos por muchos si no conocidos por nuestro inter\u00e9s en ver m\u00e1s all\u00e1 de lo imposible y volverlo posible.<\/p>\n<p><!--more Leer m\u00e1s--><\/p>\n<p><a href=\"http:\/\/thecloset.co\/blog\/wp-content\/uploads\/2015\/12\/woman-hand-legs-camera.jpg\" data-rel=\"lightbox-image-0\" data-rl_title=\"\" data-rl_caption=\"\" title=\"\"><img loading=\"lazy\" decoding=\"async\" class=\"alignnone wp-image-977\" src=\"http:\/\/thecloset.co\/blog\/wp-content\/uploads\/2015\/12\/woman-hand-legs-camera-300x200.jpg\" alt=\"woman-hand-legs-camera\" width=\"462\" height=\"269\" srcset=\"https:\/\/thecloset.co\/blog\/wp-content\/uploads\/2015\/12\/woman-hand-legs-camera-100x58.jpg 100w, https:\/\/thecloset.co\/blog\/wp-content\/uploads\/2015\/12\/woman-hand-legs-camera-200x116.jpg 200w\" sizes=\"(max-width: 462px) 100vw, 462px\" \/><\/a><\/p>\n<p>&nbsp;<\/p>\n<p>Los l\u00edderes son personas capaces de amarse a si mismas, entregados a la realizaci\u00f3n de sus sue\u00f1os y al alcance de sus metas, es ah\u00ed donde empezamos a inspirar a las personas, no a ser como nosotros, sino a llegar hasta donde estamos, inspirar al mundo no debe ser una meta, debe ser una a\u00f1adidura de nuestra apolog\u00eda conceptual del mundo.<\/p>\n<p>Ser autentico ante las personas, diferenciarse por mostrarnos tal cual somos es sin\u00f3nimo de que poseemos un concepto propio por la vida, agradecer siempre a las personas que se encuentran a nuestro lado luchando por nuestros mismo objetivos deben ser recompensando con la gloria del \u00e9xito, una celebraci\u00f3n en conjunto es el mayor agradecimiento que podemos brindarles.<\/p>\n<p>Hoy queridos lectores quer\u00edamos hablarles desde nuestro lado m\u00e1s humano, entendiendo que cada ser necesita ser parte de este mundo de una forma \u00fanica.<\/p>\n<p><a href=\"http:\/\/thecloset.co\/\" target=\"_blank\">TheCloset.co<\/a> ama a sus fieles lectores, por eso queremos dedicarles este post con todo el amor del mundo.<\/p>\n<p>&nbsp;<\/p>\n<p>Visita nuestra boutique\u00a0<a href=\"http:\/\/thecloset.co\/\">TheCloset.Co<\/a>\u00a0 Calle 80 # 13 &#8211; 09 en Bogot\u00e1-Colombia (detr\u00e1s del CC Atlantis Plaza) #Dise\u00f1oIndependiente #HechoEnColombia #MadeInColombia #CompraColombiano<\/p>\n<p><strong>\u00danete a nuestra red!<\/strong><\/p>\n<p>Si estas interesado en hacer parte de la #RedDeDise\u00f1adores escr\u00edbenos al correo\u00a0<a href=\"mailto:contacto@thecloset.co\">contacto@thecloset.co<\/a>\u00a0con informaci\u00f3n de tu marca y fotos de los productos.<\/p>\n<p>S\u00edguenos en nuestras redes:\u00a0<a href=\"https:\/\/www.facebook.com\/thecloset.co.diseno\/?fref=ts\">Facebook<\/a>,\u00a0<a href=\"https:\/\/www.instagram.com\/theclosetco\/\">Instagram<\/a><\/p>\n<p>&nbsp;<\/p>\n<p>&nbsp;<\/p>\n","protected":false},"excerpt":{"rendered":"<p>Antes de ser l\u00edderes seamos humanos Todos antes de llegar a ser l\u00edderes, tuvimos que pasar por un aprendizaje bastante amplio para lograr serlo de la mejor manera. Llegar a inspirar a otros no es nada f\u00e1cil y requiere de mucho compromiso, antes de empezar el camino es necesario auto-analizarse para corregir algunos errores y&#8230;<\/p>\n","protected":false},"author":3,"featured_media":976,"comment_status":"open","ping_status":"open","sticky":false,"template":"","format":"standard","meta":{"footnotes":""},"categories":[1],"tags":[],"_links":{"self":[{"href":"https:\/\/thecloset.co\/blog\/wp-json\/wp\/v2\/posts\/975"}],"collection":[{"href":"https:\/\/thecloset.co\/blog\/wp-json\/wp\/v2\/posts"}],"about":[{"href":"https:\/\/thecloset.co\/blog\/wp-json\/wp\/v2\/types\/post"}],"author":[{"embeddable":true,"href":"https:\/\/thecloset.co\/blog\/wp-json\/wp\/v2\/users\/3"}],"replies":[{"embeddable":true,"href":"https:\/\/thecloset.co\/blog\/wp-json\/wp\/v2\/comments?post=975"}],"version-history":[{"count":4,"href":"https:\/\/thecloset.co\/blog\/wp-json\/wp\/v2\/posts\/975\/revisions"}],"predecessor-version":[{"id":2002,"href":"https:\/\/thecloset.co\/blog\/wp-json\/wp\/v2\/posts\/975\/revisions\/2002"}],"wp:featuredmedia":[{"embeddable":true,"href":"https:\/\/thecloset.co\/blog\/wp-json\/wp\/v2\/media\/976"}],"wp:attachment":[{"href":"https:\/\/thecloset.co\/blog\/wp-json\/wp\/v2\/media?parent=975"}],"wp:term":[{"taxonomy":"category","embeddable":true,"href":"https:\/\/thecloset.co\/blog\/wp-json\/wp\/v2\/categories?post=975"},{"taxonomy":"post_tag","embeddable":true,"href":"https:\/\/thecloset.co\/blog\/wp-json\/wp\/v2\/tags?post=975"}],"curies":[{"name":"wp","href":"https:\/\/api.w.org\/{rel}","templated":true}]}}